{"id":10127,"date":"2021-04-06T20:25:00","date_gmt":"2021-04-06T18:25:00","guid":{"rendered":"https:\/\/cimgfrance.fr\/?p=10127"},"modified":"2025-11-24T13:52:42","modified_gmt":"2025-11-24T12:52:42","slug":"declaration-de-principe-des-federations-ccmtf-cimg-france-foi-et-pratique","status":"publish","type":"post","link":"https:\/\/cimgfrance.fr\/index.php\/2021\/04\/06\/declaration-de-principe-des-federations-ccmtf-cimg-france-foi-et-pratique\/","title":{"rendered":"D\u00e9claration de principe des f\u00e9d\u00e9rations CCMTF, CIMG FRANCE, FOI ET PRATIQUE"},"content":{"rendered":"\n<p>Strasbourg, le 06\/04\/2021<\/p>\n\n\n\n<p><strong>Nous les f\u00e9d\u00e9rations CCMTF, CIMG France, Foi et Pratique,<\/strong><\/p>\n\n\n\n<p>R\u00e9affirmons que notre foi et nos convictions religieuses nous am\u00e8nent naturellement \u00e0 honorer fid\u00e8lement nos obligations citoyennes.<\/p>\n\n\n\n<p>Nous proclamons solennellement notre adh\u00e9sion aux valeurs et principes fondamentaux de la R\u00e9publique.<\/p>\n\n\n\n<p>A travers cette d\u00e9claration, nous souhaitons rappeler notre attachement \u00e0 la Constitution Fran\u00e7aise, aux lois et valeurs de la\u00efcit\u00e9, instaurant des rapports apais\u00e9s et confiants au sein de la communaut\u00e9 nationale dans sa diversit\u00e9 et sa pluralit\u00e9.<\/p>\n\n\n\n<h1>1)&nbsp;&nbsp;&nbsp; Adh\u00e9sion aux principes de la R\u00e9publique<\/h1>\n\n\n\n<p>La vie religieuse musulmane, fa\u00e7onn\u00e9e autour de ses principes propres, se d\u00e9roule dans le cadre de la Constitution, et de la soci\u00e9t\u00e9 fran\u00e7aises.<\/p>\n\n\n\n<p>Notre Constitution et notamment son pr\u00e9ambule garantit aux musulmans vivant en France la possibilit\u00e9 de pratiquer librement leur religion, d\u2019exercer leurs droits de citoyens ainsi que le vivre-ensemble des diff\u00e9rentes religions et cultures.<\/p>\n\n\n\n<p>Notre Constitution nous impose \u00e9galement des responsabilit\u00e9s pour la paix, le bien-\u00eatre et la s\u00e9r\u00e9nit\u00e9 de la soci\u00e9t\u00e9.<\/p>\n\n\n\n<p>Nous consid\u00e9rons toutes les responsabilit\u00e9s et tous les droits inscrits dans la Constitution comme garants de la coexistence pacifique et \u00e9galitaire de toutes les religions et cultures diff\u00e9rentes en France.<\/p>\n\n\n\n<p>Ce cadre constitutionnel, que nous d\u00e9fendons fermement, offre aux musulmans de France la possibilit\u00e9 de pratiquer librement leur religion dans le respect de la Constitution, des lois, et des principes r\u00e9publicains.<\/p>\n\n\n\n<h1>2)&nbsp;&nbsp;&nbsp; La Libert\u00e9 et la La\u00efcit\u00e9<\/h1>\n\n\n\n<p>Nous exer\u00e7ons nos activit\u00e9s dans le cadre des principes et des lois de la R\u00e9publique, qui fondent l\u2019unit\u00e9 et la coh\u00e9sion de notre pays et sont le garant du pacte social.<\/p>\n\n\n\n<p>En tant que f\u00e9d\u00e9rations fran\u00e7aises, nous nous inscrivons dans les lois de la R\u00e9publique qui prot\u00e8ge la libert\u00e9 de pens\u00e9e, laquelle englobe la libert\u00e9 de croyance.<\/p>\n\n\n\n<p>Comme toutes les religions, nous savons distinguer clairement le droit interne des religions du droit positif. A cet \u00e9gard nos pratiques n\u2019ont jamais contrevenu et ne sauraient en aucun cas contrevenir aux libert\u00e9s publiques et \u00e0 l\u2019ordre public, qui s\u2019imposent \u00e0 tous. Chacun est libre de croire ou de ne pas croire.<\/p>\n\n\n\n<p>L\u2019un des principes majeurs de l\u2019ordre constitutionnel fran\u00e7ais est la la\u00efcit\u00e9.<\/p>\n\n\n\n<p>Celle-ci se comprend d\u2019une part comme la neutralit\u00e9 de l\u2019Etat vis-\u00e0-vis des communaut\u00e9s religieuses, et d\u2019autre part, par la neutralit\u00e9 de ces communaut\u00e9s envers l\u2019Etat.<\/p>\n\n\n\n<p>Les organes l\u00e9gislatifs, ex\u00e9cutifs et judiciaires du gouvernement tirent leur l\u00e9gitimit\u00e9 de la nation qui s\u2019exprime par le suffrage universel.<\/p>\n\n\n\n<p>Les communaut\u00e9s religieuses ont le droit de vivre, de pratiquer et d\u2019enseigner librement leur religion dans le cadre de la libert\u00e9 de conscience dans un \u00e9tat de droit d\u00e9mocratique et la\u00efc.<\/p>\n\n\n\n<p>Cette norme constitutionnelle, que nous d\u00e9fendons fermement, offre aux musulmans de France la possibilit\u00e9 de pratiquer librement leur religion.<\/p>\n\n\n\n<h1>3)&nbsp;&nbsp;&nbsp; L\u2019Egalit\u00e9 et La Fraternit\u00e9<\/h1>\n\n\n\n<p>Les signataires de cette d\u00e9claration de principes s\u2019inscrivent pleinement dans le respect de l\u2019article 1 de la D\u00e9claration des Droits de l\u2019Homme et du Citoyen : \u00ab Tous les Hommes naissent et demeurent libres et \u00e9gaux en droit \u00bb.&nbsp;<\/p>\n\n\n\n<p>Agir avec le sentiment de fraternit\u00e9 est requis par notre religion. Notre religion rejette toutes discrimination.<\/p>\n\n\n\n<p>Elle prescrit une approche \u00e9galitaire, sans distinction de religion, de langue, de sexe, d\u2019appartenance ethnique, de diff\u00e9rences sociales, physiques ou autres.<\/p>\n\n\n\n<p>Les pens\u00e9es et les opinions, quelles qu\u2019elles soient, ne peuvent \u00eatre impos\u00e9es \u00e0 autrui.<\/p>\n\n\n\n<p>Les signataires s\u2019inscrivent pleinement dans le respect des lois de la R\u00e9publique et s\u2019engagent \u00e0 consolider la coh\u00e9sion nationale, \u00e0 \u0153uvrer pour la paix civile, et \u00e0 lutter contre toute forme de haine et de violence.<\/p>\n\n\n\n<h1>4)&nbsp;&nbsp;&nbsp; Rejet de l\u2019instrumentalisation de l\u2019islam \u00e0 des fins politiques ainsi que de l\u2019influence des \u00c9tats \u00e9trangers<\/h1>\n\n\n\n<p>Rappelant que l\u2019ordre du politique demeure s\u00e9par\u00e9 de l\u2019ordre du religieux, nous condamnons et d\u00e9non\u00e7ons toute instrumentalisation de la religion \u00e0 des fins politiques ou de la politique \u00e0 des fins religieuses.&nbsp;<\/p>\n\n\n\n<p>Nous refusons tout courant politique ou id\u00e9ologique qui viserait \u00e0 diffuser une doctrine politique au sein de nos mosqu\u00e9es contraire \u00e0 la Constitution ou \u00e0 la Loi et contestant directement ou indirectement les principes fondamentaux \u00e9nonc\u00e9s dans la d\u00e9claration Universelle des Droits de l\u2019Homme.<\/p>\n\n\n\n<p>Nous sommes contre toutes les tendances qui tentent de nuire \u00e0 l\u2019ordre constitutionnel fran\u00e7ais ou au pacte social.Dans la gestion de nos mosqu\u00e9es et les missions de nos imams, nous r\u00e9affirmons notre totale libert\u00e9 et ind\u00e9pendance \u00e0 l\u2019\u00e9gard des \u00c9tats et gouvernements \u00e9trangers, et notre volont\u00e9 d\u2019\u00eatre, au service des musulmans de France dans leur ensemble.<\/p>\n","protected":false},"excerpt":{"rendered":"<p>Strasbourg, le 06\/04\/2021 Nous les f\u00e9d\u00e9rations CCMTF, CIMG France, Foi et Pratique, R\u00e9affirmons que notre foi et nos convictions religieuses nous am\u00e8nent naturellement \u00e0 honorer fid\u00e8lement nos obligations citoyennes. Nous proclamons solennellement notre adh\u00e9sion aux valeurs et principes fondamentaux de la R\u00e9publique. A travers cette d\u00e9claration, nous souhaitons rappeler notre attachement \u00e0 la Constitution Fran\u00e7aise, [&hellip;]<\/p>\n","protected":false},"author":1,"featured_media":0,"comment_status":"closed","ping_status":"open","sticky":false,"template":"","format":"standard","meta":[],"categories":[76],"tags":[],"_links":{"self":[{"href":"https:\/\/cimgfrance.fr\/index.php\/wp-json\/wp\/v2\/posts\/10127"}],"collection":[{"href":"https:\/\/cimgfrance.fr\/index.php\/wp-json\/wp\/v2\/posts"}],"about":[{"href":"https:\/\/cimgfrance.fr\/index.php\/wp-json\/wp\/v2\/types\/post"}],"author":[{"embeddable":true,"href":"https:\/\/cimgfrance.fr\/index.php\/wp-json\/wp\/v2\/users\/1"}],"replies":[{"embeddable":true,"href":"https:\/\/cimgfrance.fr\/index.php\/wp-json\/wp\/v2\/comments?post=10127"}],"version-history":[{"count":4,"href":"https:\/\/cimgfrance.fr\/index.php\/wp-json\/wp\/v2\/posts\/10127\/revisions"}],"predecessor-version":[{"id":10555,"href":"https:\/\/cimgfrance.fr\/index.php\/wp-json\/wp\/v2\/posts\/10127\/revisions\/10555"}],"wp:attachment":[{"href":"https:\/\/cimgfrance.fr\/index.php\/wp-json\/wp\/v2\/media?parent=10127"}],"wp:term":[{"taxonomy":"category","embeddable":true,"href":"https:\/\/cimgfrance.fr\/index.php\/wp-json\/wp\/v2\/categories?post=10127"},{"taxonomy":"post_tag","embeddable":true,"href":"https:\/\/cimgfrance.fr\/index.php\/wp-json\/wp\/v2\/tags?post=10127"}],"curies":[{"name":"wp","href":"https:\/\/api.w.org\/{rel}","templated":true}]}}