{"id":10231,"date":"2021-02-04T00:50:00","date_gmt":"2021-02-03T23:50:00","guid":{"rendered":"https:\/\/cimgfrance.fr\/?p=10231"},"modified":"2025-11-24T13:56:24","modified_gmt":"2025-11-24T12:56:24","slug":"communique-du-ccmtf-cimg-france-foi-et-pratique","status":"publish","type":"post","link":"https:\/\/cimgfrance.fr\/index.php\/2021\/02\/04\/communique-du-ccmtf-cimg-france-foi-et-pratique\/","title":{"rendered":"Communiqu\u00e9 du CCMTF, CIMG France, Foi et Pratique"},"content":{"rendered":"\n<p>Nous, les f\u00e9d\u00e9rations CCMTF, CIMG France et Foi &amp; Pratique, avons pris connaissance du communiqu\u00e9 en date du 17 f\u00e9vrier 2021, publi\u00e9 par les cinq f\u00e9d\u00e9rations signataires de la \u00ab Charte des principes de l\u2019Islam de France \u00bb.<\/p>\n\n\n\n<p>Nous rappelons que le 1er F\u00e9vrier nous avons pr\u00e9sent\u00e9 les observations qui ont motiv\u00e9es notre abstention \u00e0 sa signature et que nous avons adress\u00e9 celles-ci au pr\u00e9sident du CFCM.<\/p>\n\n\n\n<p>Nous rappelons \u00e9galement qu\u2019\u00e0 plusieurs reprises le pr\u00e9sident du CFCM s\u2019est engag\u00e9 \u00e0 consulter les CRCM et CDCM pour d\u2019\u00e9ventuels amendements en vue d\u2019am\u00e9liorer la Charte.<\/p>\n\n\n\n<p>Nous d\u00e9plorons qu\u2019\u00e0 ce jour, ni nos observations ni les nombreux retours des CRCM et CDCM ainsi que des mosqu\u00e9es et imams, n\u2019aient \u00e9t\u00e9 pris en consid\u00e9ration. Nous ne pouvons que d\u00e9plorer cette nouvelle pr\u00e9cipitation, alors que les consultations ne sont pas encore achev\u00e9es.<\/p>\n\n\n\n<p>Quand \u00e0 la d\u00e9claration \u00e9voquant la \u00ab restructuration de l\u2019organe de repr\u00e9sentation de l\u2019Islam de France \u00bb qui serait \u00ab en cours d\u2019examen \u00bb par les 5 f\u00e9d\u00e9rations signataires, cela exige une clarification envers le CFCM. Seules les instances \u00e9lues d\u00e9mocratiquement au sein du CFCM ont la l\u00e9gitimit\u00e9 pour travailler \u00e0 la restructuration de la repr\u00e9sentation du culte musulman en France ainsi qu\u2019\u00e0 la mise en place du CNI (Conseil National des Imams). Il est imp\u00e9ratif de respecter les statuts et le mode de fonctionnement du CFCM, dans le respect du consensus qui \u00e0 toujours pr\u00e9valu et en refusant le passage en force.<\/p>\n\n\n\n<p>Malheureusement cette d\u00e9claration est de nature \u00e0 affaiblir, une fois de plus, la repr\u00e9sentativit\u00e9 du CFCM et \u00e9galement la l\u00e9gitimit\u00e9 du CNI.<\/p>\n\n\n\n<p>Nous appelons toutes les composantes du CFCM, \u00e0 respecter les \u00e9tapes de la consultation et \u00e0 oeuvrer avec sagesse et responsabilit\u00e9 \u00e0 la concr\u00e9tisation du CNI, dans un esprit de dialogue fraternel et non d\u2019exclusion.<\/p>\n\n\n\n<p><em>Pr\u00e9sident du CCMTF<\/em><br><em>Pr\u00e9sident de la CIMG<\/em><br><em>Pr\u00e9sident de Foi et Pratique<\/em><\/p>\n","protected":false},"excerpt":{"rendered":"<p>Nous, les f\u00e9d\u00e9rations CCMTF, CIMG France et Foi &amp; Pratique, avons pris connaissance du communiqu\u00e9 en date du 17 f\u00e9vrier 2021, publi\u00e9 par les cinq f\u00e9d\u00e9rations signataires de la \u00ab Charte des principes de l\u2019Islam de France \u00bb. Nous rappelons que le 1er F\u00e9vrier nous avons pr\u00e9sent\u00e9 les observations qui ont motiv\u00e9es notre abstention \u00e0 [&hellip;]<\/p>\n","protected":false},"author":1,"featured_media":10232,"comment_status":"closed","ping_status":"open","sticky":false,"template":"","format":"standard","meta":[],"categories":[77],"tags":[],"_links":{"self":[{"href":"https:\/\/cimgfrance.fr\/index.php\/wp-json\/wp\/v2\/posts\/10231"}],"collection":[{"href":"https:\/\/cimgfrance.fr\/index.php\/wp-json\/wp\/v2\/posts"}],"about":[{"href":"https:\/\/cimgfrance.fr\/index.php\/wp-json\/wp\/v2\/types\/post"}],"author":[{"embeddable":true,"href":"https:\/\/cimgfrance.fr\/index.php\/wp-json\/wp\/v2\/users\/1"}],"replies":[{"embeddable":true,"href":"https:\/\/cimgfrance.fr\/index.php\/wp-json\/wp\/v2\/comments?post=10231"}],"version-history":[{"count":2,"href":"https:\/\/cimgfrance.fr\/index.php\/wp-json\/wp\/v2\/posts\/10231\/revisions"}],"predecessor-version":[{"id":10559,"href":"https:\/\/cimgfrance.fr\/index.php\/wp-json\/wp\/v2\/posts\/10231\/revisions\/10559"}],"wp:featuredmedia":[{"embeddable":true,"href":"https:\/\/cimgfrance.fr\/index.php\/wp-json\/wp\/v2\/media\/10232"}],"wp:attachment":[{"href":"https:\/\/cimgfrance.fr\/index.php\/wp-json\/wp\/v2\/media?parent=10231"}],"wp:term":[{"taxonomy":"category","embeddable":true,"href":"https:\/\/cimgfrance.fr\/index.php\/wp-json\/wp\/v2\/categories?post=10231"},{"taxonomy":"post_tag","embeddable":true,"href":"https:\/\/cimgfrance.fr\/index.php\/wp-json\/wp\/v2\/tags?post=10231"}],"curies":[{"name":"wp","href":"https:\/\/api.w.org\/{rel}","templated":true}]}}