{"id":10250,"date":"2020-11-27T00:57:00","date_gmt":"2020-11-26T23:57:00","guid":{"rendered":"https:\/\/cimgfrance.fr\/?p=10250"},"modified":"2025-11-24T13:58:44","modified_gmt":"2025-11-24T12:58:44","slug":"ouverture-des-mosquees-a-partir-du-samedi-28-novembre","status":"publish","type":"post","link":"https:\/\/cimgfrance.fr\/index.php\/2020\/11\/27\/ouverture-des-mosquees-a-partir-du-samedi-28-novembre\/","title":{"rendered":"Ouverture des Mosqu\u00e9es \u00e0 partir du samedi 28 Novembre"},"content":{"rendered":"\n<p>Faisant suite \u00e0 l\u2019annonce du Pr\u00e9sident de la R\u00e9publique ainsi qu\u2018aux r\u00e9centes d\u00e9cisions des pouvoirs publics au sujet de la situation sanitaire de notre pays, les pri\u00e8res collectives pourront reprendre dans les mosqu\u00e9es de fa\u00e7on progressive.<\/p>\n\n\n\n<p><strong>A partir du samedi 28 novembre 2020, les mosqu\u00e9es pourront organiser les pri\u00e8res collectives avec une limitation de 30 fid\u00e8les.<\/strong><\/p>\n\n\n\n<p>Bien que ce nombre semble arbitraire, sans corr\u00e9lation avec la taille des lieux de culte, c\u2019est pourtant celui-ci qui a \u00e9t\u00e9 retenu par les pouvoirs publics. &nbsp;De ce fait, la pri\u00e8re en commun du Vendredi ne pourra reprendre avant le 15 d\u00e9cembre 2020<\/p>\n\n\n\n<p>La CIMG France rappelle que la situation sanitaire reste toujours pr\u00e9caire et invite au strict respect des r\u00e8gles sanitaires en vigueur.<br>La CIMG France vous tiendra inform\u00e9e de toute \u00e9volution de la situation.<\/p>\n\n\n\n<p>Nous prions Notre Seigneur afin qu\u2019Il nous pr\u00e9serve tous et nous accorde la bonne sant\u00e9.<\/p>\n\n\n\n<p><\/p>\n","protected":false},"excerpt":{"rendered":"<p>Faisant suite \u00e0 l\u2019annonce du Pr\u00e9sident de la R\u00e9publique ainsi qu\u2018aux r\u00e9centes d\u00e9cisions des pouvoirs publics au sujet de la situation sanitaire de notre pays, les pri\u00e8res collectives pourront reprendre dans les mosqu\u00e9es de fa\u00e7on progressive. A partir du samedi 28 novembre 2020, les mosqu\u00e9es pourront organiser les pri\u00e8res collectives avec une limitation de 30 [&hellip;]<\/p>\n","protected":false},"author":1,"featured_media":10251,"comment_status":"closed","ping_status":"open","sticky":false,"template":"","format":"standard","meta":[],"categories":[77],"tags":[],"_links":{"self":[{"href":"https:\/\/cimgfrance.fr\/index.php\/wp-json\/wp\/v2\/posts\/10250"}],"collection":[{"href":"https:\/\/cimgfrance.fr\/index.php\/wp-json\/wp\/v2\/posts"}],"about":[{"href":"https:\/\/cimgfrance.fr\/index.php\/wp-json\/wp\/v2\/types\/post"}],"author":[{"embeddable":true,"href":"https:\/\/cimgfrance.fr\/index.php\/wp-json\/wp\/v2\/users\/1"}],"replies":[{"embeddable":true,"href":"https:\/\/cimgfrance.fr\/index.php\/wp-json\/wp\/v2\/comments?post=10250"}],"version-history":[{"count":2,"href":"https:\/\/cimgfrance.fr\/index.php\/wp-json\/wp\/v2\/posts\/10250\/revisions"}],"predecessor-version":[{"id":10561,"href":"https:\/\/cimgfrance.fr\/index.php\/wp-json\/wp\/v2\/posts\/10250\/revisions\/10561"}],"wp:featuredmedia":[{"embeddable":true,"href":"https:\/\/cimgfrance.fr\/index.php\/wp-json\/wp\/v2\/media\/10251"}],"wp:attachment":[{"href":"https:\/\/cimgfrance.fr\/index.php\/wp-json\/wp\/v2\/media?parent=10250"}],"wp:term":[{"taxonomy":"category","embeddable":true,"href":"https:\/\/cimgfrance.fr\/index.php\/wp-json\/wp\/v2\/categories?post=10250"},{"taxonomy":"post_tag","embeddable":true,"href":"https:\/\/cimgfrance.fr\/index.php\/wp-json\/wp\/v2\/tags?post=10250"}],"curies":[{"name":"wp","href":"https:\/\/api.w.org\/{rel}","templated":true}]}}