{"id":10256,"date":"2020-11-19T00:59:00","date_gmt":"2020-11-18T23:59:00","guid":{"rendered":"https:\/\/cimgfrance.fr\/?p=10256"},"modified":"2025-11-24T14:00:30","modified_gmt":"2025-11-24T13:00:30","slug":"oui-au-conseil-national-des-imams-cest-historique","status":"publish","type":"post","link":"https:\/\/cimgfrance.fr\/index.php\/2020\/11\/19\/oui-au-conseil-national-des-imams-cest-historique\/","title":{"rendered":"Oui au Conseil National des Imams ! c\u2019est historique !"},"content":{"rendered":"\n<h2><strong>Oui au Conseil National des Imams ! c\u2019est historique !<\/strong><br><em>\u00ab&nbsp;Je vous fais confiance et ma confiance vous oblige \u00bb Emmanuel Macron<\/em><\/h2>\n\n\n\n<p><strong>Le conseil national des imams.<\/strong><br><em>R\u00e9union \u00e0 l\u2019\u00c9lys\u00e9e 18 novembre 2020, CFCM, Le Pr\u00e9sident de la R\u00e9publique et le Ministre de l\u2019int\u00e9rieur.<\/em><\/p>\n\n\n\n<p>Nous avons eu le plaisir et l\u2019honneur de partager une r\u00e9union de travail le mercredi 18 novembre au Palais de l\u2019\u00c9lys\u00e9e. Pendant plus de deux heures, nous avons avec toutes les composantes du CFCM pr\u00e9sent\u00e9, expos\u00e9 notre projet du CNI devant le Pr\u00e9sident Emmanuel Macron et le Ministre de l\u2019Int\u00e9rieur G\u00e9rald Darmanin.<br>Nous nous f\u00e9licitons de cette avanc\u00e9e. La question des imams est au c\u0153ur m\u00eame de la repr\u00e9sentation de l\u2019Islam en France, c\u2019est historique&nbsp;!<\/p>\n\n\n\n<p>Le r\u00f4le de ce futur Conseil est d\u2019agr\u00e9er les imams qui officient dans un lieu de culte musulman en France en fonction de leurs comp\u00e9tences th\u00e9ologiques et d\u2019\u00e9mettre des recommandations sur des questions cultuelles.<\/p>\n\n\n\n<p>Nous avons pens\u00e9 et travaill\u00e9 ce projet avec une seule ligne directrice, la vision r\u00e9publicaine. En tant que Fran\u00e7ais et musulmans nous sommes attach\u00e9s aux valeurs r\u00e9publicaines. Nous promouvons un Islam humaniste et ouvert. Notre objectif est d\u2019avoir une communaut\u00e9 musulmane de France parfaitement ind\u00e9pendante des pays \u00e9trangers. Ce conseil est le refus de la politisation de l\u2019Islam et de toute ing\u00e9rence \u00e9trang\u00e8re. Nos luttons toujours contre le d\u00e9voiement de l\u2019islam.<\/p>\n\n\n\n<p>La CIMG a annonc\u00e9 au Pr\u00e9sident de la R\u00e9publique qu\u2019elle apportera toute son exp\u00e9rience et son savoir-faire.&nbsp; Au sein de cette nouvelle instance, nous serons au service de tous pour l\u2019int\u00e9r\u00eat g\u00e9n\u00e9ral. En effet nous avons deux centres de formations d\u2019imams et de femmes enseignantes en religion d\u00e9j\u00e0 en action&nbsp;!<\/p>\n\n\n\n<p>Nous \u0153uvrons depuis plus de 40 ans pour la dignit\u00e9 et la pratique de l\u2019Islam en France. Nous sommes au service des musulmans de France avec notamment la gestion de 71 mosqu\u00e9es et 286 associations dans toute la France. A ce jour, notre organisation avec l\u2019ensemble de ses mosqu\u00e9es permet \u00e0 environs 63776 fid\u00e8les de venir prier les jours de Vendredi. Enfin l\u2019ensemble des associations CIMG compte plus de 19333 adh\u00e9rents. Nous avons une dimension religieuse, culturelle et sociale.<br>La CIMG r\u00e9pondra toujours pr\u00e9sent pour construire avec ses partenaires une repr\u00e9sentation de l\u2019Islam en France ouverte et ind\u00e9pendante des pays \u00e9trangers.<\/p>\n\n\n\n<p>Nous \u0153uvrons dans notre pays pour promouvoir et pr\u00e9server les valeurs universelles&nbsp;: la libert\u00e9 de croyance, de penser, de tol\u00e9rance pour amplifier le vivre ensemble et contribuer \u00e0 l\u2019essor de notre pays.<\/p>\n\n\n\n<p><br>CIMG France<\/p>\n\n\n\n<p><\/p>\n","protected":false},"excerpt":{"rendered":"<p>Oui au Conseil National des Imams ! c\u2019est historique !\u00ab&nbsp;Je vous fais confiance et ma confiance vous oblige \u00bb Emmanuel Macron Le conseil national des imams.R\u00e9union \u00e0 l\u2019\u00c9lys\u00e9e 18 novembre 2020, CFCM, Le Pr\u00e9sident de la R\u00e9publique et le Ministre de l\u2019int\u00e9rieur. Nous avons eu le plaisir et l\u2019honneur de partager une r\u00e9union de travail [&hellip;]<\/p>\n","protected":false},"author":1,"featured_media":0,"comment_status":"closed","ping_status":"open","sticky":false,"template":"","format":"standard","meta":[],"categories":[76,77],"tags":[],"_links":{"self":[{"href":"https:\/\/cimgfrance.fr\/index.php\/wp-json\/wp\/v2\/posts\/10256"}],"collection":[{"href":"https:\/\/cimgfrance.fr\/index.php\/wp-json\/wp\/v2\/posts"}],"about":[{"href":"https:\/\/cimgfrance.fr\/index.php\/wp-json\/wp\/v2\/types\/post"}],"author":[{"embeddable":true,"href":"https:\/\/cimgfrance.fr\/index.php\/wp-json\/wp\/v2\/users\/1"}],"replies":[{"embeddable":true,"href":"https:\/\/cimgfrance.fr\/index.php\/wp-json\/wp\/v2\/comments?post=10256"}],"version-history":[{"count":2,"href":"https:\/\/cimgfrance.fr\/index.php\/wp-json\/wp\/v2\/posts\/10256\/revisions"}],"predecessor-version":[{"id":10562,"href":"https:\/\/cimgfrance.fr\/index.php\/wp-json\/wp\/v2\/posts\/10256\/revisions\/10562"}],"wp:attachment":[{"href":"https:\/\/cimgfrance.fr\/index.php\/wp-json\/wp\/v2\/media?parent=10256"}],"wp:term":[{"taxonomy":"category","embeddable":true,"href":"https:\/\/cimgfrance.fr\/index.php\/wp-json\/wp\/v2\/categories?post=10256"},{"taxonomy":"post_tag","embeddable":true,"href":"https:\/\/cimgfrance.fr\/index.php\/wp-json\/wp\/v2\/tags?post=10256"}],"curies":[{"name":"wp","href":"https:\/\/api.w.org\/{rel}","templated":true}]}}