{"id":10437,"date":"2018-07-12T11:14:00","date_gmt":"2018-07-12T09:14:00","guid":{"rendered":"https:\/\/cimgfrance.fr\/?p=10437"},"modified":"2022-05-10T11:15:39","modified_gmt":"2022-05-10T09:15:39","slug":"le-sermon-du-vendredi-13-07-18-le-massacre-de-srebrenica","status":"publish","type":"post","link":"https:\/\/cimgfrance.fr\/index.php\/2018\/07\/12\/le-sermon-du-vendredi-13-07-18-le-massacre-de-srebrenica\/","title":{"rendered":"Le sermon du vendredi 13\/07\/18 : Le massacre de Srebrenica"},"content":{"rendered":"\n<p><strong>Chers musulmans !<\/strong><\/p>\n\n\n\n<p>Nous comm\u00e9morons cette semaine le 23e anniversaire du massacre de Srebrenica. Il est synonyme de souffrance commune des musulmans et de l\u2019humanit\u00e9 tout enti\u00e8re. En effet, en 1995 \u00e0 Srebrenica, a eu lieu en Europe le plus grand massacre de population depuis la fin de la Seconde Guerre Mondiale. Ce g\u00e9nocide est devenu un Karbala des temps modernes. Bien que 23 ann\u00e9es se soient \u00e9coul\u00e9es depuis lors, les souffrances et les peines sont toujours intactes.<\/p>\n\n\n\n<p>Alors que nous nous souvenons de cette page noire de l\u2019Europe, un triste deuil a lieu en Bosnie chaque ann\u00e9e le 11 juillet. Les femmes ressentent encore la souffrance de la perte de leurs enfants ou de leur mari, parfois massacr\u00e9s devant leurs yeux, comme si c\u2019\u00e9tait hier. Vingt-trois ans plus tard, les d\u00e9pouilles de centaines de martyrs n\u2019ont toujours pas \u00e9t\u00e9 retrouv\u00e9es,&nbsp; emp\u00eachant ainsi les proches des victimes de faire leur deuil. L\u2019identit\u00e9 de ces centaines de victimes, dont le sort nous est inconnu, s\u2019est elle aussi perdue avec leurs ossements.<\/p>\n\n\n\n<p><strong><br>Chers croyants !<\/strong><\/p>\n\n\n\n<p>Le massacre de Srebrenica s\u2019est inscrit dans les pages noires des plus grands crimes contre l\u2019humanit\u00e9. Cette charmante ville, autrefois connue pour ses mines d\u2019argent et ses eaux aux vertus m\u00e9dicinales, est d\u00e9sormais une ville sans \u00e2me, portant le poids des atrocit\u00e9s qui y ont \u00e9t\u00e9 commises. Cette ville, aujourd\u2019hui d\u00e9sert\u00e9e ne s\u2019anime qu\u2019\u00e0 la date du 11 juillet. Ce jour-l\u00e0, on vient des quatre coins du monde pour rendre hommage aux martyrs de Srebrenica. Par ailleurs, chaque ann\u00e9e, lors de la marche de la paix traditionnelle appel\u00e9e \u00abmira\u00bb, des milliers de personnes marchent sur la \u00abroute de la mort\u00bb, longue de 70 kilom\u00e8tres pour se souvenir de cette trag\u00e9die.<\/p>\n\n\n\n<p><strong>Chers croyants&nbsp;!<\/strong><\/p>\n\n\n\n<p>Le monde a \u00e9t\u00e9 t\u00e9moin des camps de prisonniers, du si\u00e8ge de Sarajevo des ann\u00e9es durant, des viols et des massacres syst\u00e9matiques, du nettoyage ethnique et du g\u00e9nocide qui ont marqu\u00e9 la guerre de Bosnie. Les lieux d\u00e9clar\u00e9s \u00abzones s\u00fbres\u00bb par les Nations Unies sont devenues des \u00abzones de mort\u00bb. D\u00e8s lors, les souffrances et les douleurs des musulmans vivant sur place n\u2019ont fait qu\u2019augmenter.<\/p>\n\n\n\n<p><strong>Chers musulmans !<\/strong><\/p>\n\n\n\n<p>Malgr\u00e9 ce g\u00e9nocide, nos fr\u00e8res bosniaques n\u2019ont pas perdu cette guerre, bien au contraire ils l\u2019ont gagn\u00e9&nbsp;! Car ils ont r\u00e9pondu \u00e0 ces atrocit\u00e9s en gardant leur humanit\u00e9 et en continuant \u00e0 respecter les lois de la guerre. Aliya Izzetbegovic, le leader embl\u00e9matique des Bosniaques, est devenu un exemple vivant du comportement pr\u00f4n\u00e9 par l\u2019Islam en exprimant cette triste fin : \u00abNous pr\u00e9f\u00e9rerons une d\u00e9faite \u00e9thique \u00e0 une victoire immorale\u00bb. Il choisit ainsi d\u2019\u00eatre l\u2019opprim\u00e9 plut\u00f4t que l\u2019oppresseur. De par sa position morale, il illustre parfaitement le comportement pr\u00f4n\u00e9 par notre Seigneur dans le verset 173 de la sourate Al-i Imran:&nbsp;<strong>\u00ab&nbsp;Ce sont ceux-l\u00e0 qui, lorsqu\u2019on est venu leur dire&nbsp;: \u00ab&nbsp;Vos adversaires r\u00e9unissent leurs forces pour vous attaquer, soyez vigilants&nbsp;!&nbsp;\u00bb, ont vu leur foi se d\u00e9cupler et se sont \u00e9cri\u00e9s&nbsp;: \u00ab&nbsp;Dieu seul nous suffit. N\u2019est-il pas le Meilleur des protecteurs&nbsp;?&nbsp;\u00bb<\/strong><strong>\u00bb.<\/strong><\/p>\n\n\n\n<p><strong>Mes chers fr\u00e8res !<\/strong><\/p>\n\n\n\n<p>Srebrenica nous d\u00e9montre aujourd\u2019hui \u00e0 quel point l\u2019\u00eatre humain peut \u00eatre cynique et violent. Il nous montre aussi comment le racisme et la x\u00e9nophobie peuvent nous mener aux extr\u00eames. Nous devrions r\u00e9fl\u00e9chir tous ensemble \u00e0 ce massacre et chercher \u00e0 en tirer des enseignements pour toute l\u2019humanit\u00e9. C\u2019est pourquoi nous ne devons jamais oublier Srebrenica et transmettre de g\u00e9n\u00e9ration en g\u00e9n\u00e9ration son histoire. Car comme le dit Aliya Izzetbegovic, \u00ab&nbsp;un g\u00e9nocide oubli\u00e9 est un g\u00e9nocide r\u00e9it\u00e9r\u00e9&nbsp;\u00bb.<\/p>\n\n\n\n<p>Nous esp\u00e9rons que les consciences humaines tireront les cons\u00e9quences de ces atrocit\u00e9s et que plus jamais l\u2019humanit\u00e9 ne sera t\u00e9moin de telles horreurs. Qu\u2019Allah fasse mis\u00e9ricorde \u00e0 tous nos martyrs. Amin&nbsp;!<\/p>\n","protected":false},"excerpt":{"rendered":"<p>Chers musulmans ! Nous comm\u00e9morons cette semaine le 23e anniversaire du massacre de Srebrenica. Il est synonyme de souffrance commune des musulmans et de l\u2019humanit\u00e9 tout enti\u00e8re. En effet, en 1995 \u00e0 Srebrenica, a eu lieu en Europe le plus grand massacre de population depuis la fin de la Seconde Guerre Mondiale. Ce g\u00e9nocide est [&hellip;]<\/p>\n","protected":false},"author":1,"featured_media":10422,"comment_status":"closed","ping_status":"open","sticky":false,"template":"","format":"standard","meta":[],"categories":[78],"tags":[],"_links":{"self":[{"href":"https:\/\/cimgfrance.fr\/index.php\/wp-json\/wp\/v2\/posts\/10437"}],"collection":[{"href":"https:\/\/cimgfrance.fr\/index.php\/wp-json\/wp\/v2\/posts"}],"about":[{"href":"https:\/\/cimgfrance.fr\/index.php\/wp-json\/wp\/v2\/types\/post"}],"author":[{"embeddable":true,"href":"https:\/\/cimgfrance.fr\/index.php\/wp-json\/wp\/v2\/users\/1"}],"replies":[{"embeddable":true,"href":"https:\/\/cimgfrance.fr\/index.php\/wp-json\/wp\/v2\/comments?post=10437"}],"version-history":[{"count":1,"href":"https:\/\/cimgfrance.fr\/index.php\/wp-json\/wp\/v2\/posts\/10437\/revisions"}],"predecessor-version":[{"id":10438,"href":"https:\/\/cimgfrance.fr\/index.php\/wp-json\/wp\/v2\/posts\/10437\/revisions\/10438"}],"wp:featuredmedia":[{"embeddable":true,"href":"https:\/\/cimgfrance.fr\/index.php\/wp-json\/wp\/v2\/media\/10422"}],"wp:attachment":[{"href":"https:\/\/cimgfrance.fr\/index.php\/wp-json\/wp\/v2\/media?parent=10437"}],"wp:term":[{"taxonomy":"category","embeddable":true,"href":"https:\/\/cimgfrance.fr\/index.php\/wp-json\/wp\/v2\/categories?post=10437"},{"taxonomy":"post_tag","embeddable":true,"href":"https:\/\/cimgfrance.fr\/index.php\/wp-json\/wp\/v2\/tags?post=10437"}],"curies":[{"name":"wp","href":"https:\/\/api.w.org\/{rel}","templated":true}]}}